{"id":1631,"__str__":"Parecer da Comiss\u00e3o - Parecer de Comiss\u00e3o de 03/06/2019 por Comiss\u00e3o de Justi\u00e7a e Reda\u00e7\u00e3o","link_detail_backend":"/materia/documentoacessorio/1631","metadata":{},"nome":"Parecer de Comiss\u00e3o","data":"2019-06-03","autor":"Comiss\u00e3o de Justi\u00e7a e Reda\u00e7\u00e3o","ementa":"","indexacao":"","arquivo":"http://sapl.carlosbarbosa.rs.leg.br/media/sapl/public/documentoacessorio/2019/1631/justica_e_redacao_pl_n_55.pdf","data_ultima_atualizacao":"2019-06-05T08:54:09.512434-03:00","materia":1240,"tipo":4}