{"id":1707,"__str__":"Parecer da Comiss\u00e3o - Parecer de Comiss\u00e3o de 08/07/2019 por Comiss\u00e3o de Justi\u00e7a e Reda\u00e7\u00e3o","link_detail_backend":"/materia/documentoacessorio/1707","metadata":{},"nome":"Parecer de Comiss\u00e3o","data":"2019-07-08","autor":"Comiss\u00e3o de Justi\u00e7a e Reda\u00e7\u00e3o","ementa":"","indexacao":"","arquivo":"http://sapl.carlosbarbosa.rs.leg.br/media/sapl/public/documentoacessorio/2019/1707/justica_e_redacao_pl_n_70.pdf","data_ultima_atualizacao":"2019-07-09T13:45:47.685187-03:00","materia":1293,"tipo":4}