{"id":1808,"__str__":"Parecer Jur\u00eddico - Parecer Jur\u00eddico de 26/09/2019 por Assessoria Jur\u00eddica","link_detail_backend":"/materia/documentoacessorio/1808","metadata":{},"nome":"Parecer Jur\u00eddico","data":"2019-09-26","autor":"Assessoria Jur\u00eddica","ementa":"","indexacao":"","arquivo":"http://sapl.carlosbarbosa.rs.leg.br/media/sapl/public/documentoacessorio/2019/1808/parecer_pl_n_105.pdf","data_ultima_atualizacao":"2019-10-03T10:16:13.517525-03:00","materia":1418,"tipo":1}