{"id":747,"__str__":"Parecer da Comiss\u00e3o - Parecer das Comiss\u00f5es de 08/03/2018 por Comiss\u00e3o de Educa\u00e7\u00e3o e Cultura","link_detail_backend":"/materia/documentoacessorio/747","metadata":{},"nome":"Parecer das Comiss\u00f5es","data":"2018-03-08","autor":"Comiss\u00e3o de Educa\u00e7\u00e3o e Cultura","ementa":"","indexacao":"","arquivo":"http://sapl.carlosbarbosa.rs.leg.br/media/sapl/public/documentoacessorio/2018/747/747.pdf","data_ultima_atualizacao":"2018-10-18T09:34:51.504818-03:00","materia":651,"tipo":4}