{"id":2003,"__str__":"Indica\u00e7\u00e3o n\u00ba 70 de 2021","link_detail_backend":"/materia/2003","metadata":{},"numero":70,"ano":2021,"numero_protocolo":122,"data_apresentacao":"2021-03-24","tipo_apresentacao":"E","data_publicacao":null,"numero_origem_externa":"","ano_origem_externa":null,"data_origem_externa":null,"apelido":"","dias_prazo":null,"data_fim_prazo":null,"em_tramitacao":false,"polemica":false,"objeto":"","complementar":false,"ementa":"Cria\u00e7\u00e3o do Centro de Reabilita\u00e7\u00e3o P\u00f3s-Covid.","indexacao":"","observacao":"","resultado":"","texto_original":"http://sapl.carlosbarbosa.rs.leg.br/media/sapl/public/materialegislativa/2021/2003/indicacao_70.pdf","data_ultima_atualizacao":"2021-03-30T09:25:01.996527-03:00","ip":"177.130.45.160","ultima_edicao":"2021-03-30T09:25:01.860754-03:00","tipo":8,"regime_tramitacao":1,"tipo_origem_externa":null,"local_origem_externa":null,"user":32,"anexadas":[],"autores":[4,57]}